{"id":5049,"date":"2024-11-19T14:05:06","date_gmt":"2024-11-19T13:05:06","guid":{"rendered":"https:\/\/aventurapatanegra.com\/le-meilleur-itineraire-cycliste-sur-route-depuis-denia-coll-de-rates\/"},"modified":"2024-11-19T14:05:06","modified_gmt":"2024-11-19T13:05:06","slug":"le-meilleur-itineraire-cycliste-sur-route-depuis-denia-coll-de-rates","status":"publish","type":"post","link":"https:\/\/aventurapatanegra.com\/fr\/le-meilleur-itineraire-cycliste-sur-route-depuis-denia-coll-de-rates\/","title":{"rendered":"Le meilleur itin\u00e9raire cycliste sur route depuis D\u00e9nia &#8211; COLL DE RATES"},"content":{"rendered":"<p><img decoding=\"async\" class=\"aligncenter size-full wp-image-4186\" src=\"https:\/\/aventurapatanegra.com\/wp-content\/uploads\/2024\/11\/COLLDERATES-1920w.webp\" alt=\"\" width=\"1920\" height=\"1440\" title=\"\" srcset=\"https:\/\/aventurapatanegra.com\/wp-content\/uploads\/2024\/11\/COLLDERATES-1920w.webp 1920w, https:\/\/aventurapatanegra.com\/wp-content\/uploads\/2024\/11\/COLLDERATES-1920w-600x450.webp 600w, https:\/\/aventurapatanegra.com\/wp-content\/uploads\/2024\/11\/COLLDERATES-1920w-300x225.webp 300w, https:\/\/aventurapatanegra.com\/wp-content\/uploads\/2024\/11\/COLLDERATES-1920w-1024x768.webp 1024w, https:\/\/aventurapatanegra.com\/wp-content\/uploads\/2024\/11\/COLLDERATES-1920w-768x576.webp 768w, https:\/\/aventurapatanegra.com\/wp-content\/uploads\/2024\/11\/COLLDERATES-1920w-1536x1152.webp 1536w\" sizes=\"(max-width: 1920px) 100vw, 1920px\" \/><\/p>\n<p class=\"text-align-justify\"><span class=\"\">Bien que nos activit\u00e9s \u00e0 AVENTURA PATA NEGRA ne proposent pas d&rsquo;itin\u00e9raires de cyclisme sur route, <\/span>il s&rsquo;agit toujours d&rsquo;une de mes passions. Cela a toujours \u00e9t\u00e9 et est encore une de mes passions. J&rsquo;ai \u00e9galement travaill\u00e9 pendant plusieurs ann\u00e9es comme guide de cette modalit\u00e9 pour l&rsquo;h\u00f4tel Los Caballos, o\u00f9 j&rsquo;ai rencontr\u00e9 de nombreux amateurs de cyclisme qui venaient profiter d&rsquo;une semaine enti\u00e8re dans ce lieu privil\u00e9gi\u00e9 pour le cyclisme sur route gr\u00e2ce au bon \u00e9tat de nos routes et au climat magnifique qui nous permet de rouler toute l&rsquo;ann\u00e9e.  <\/p>\n<p class=\"text-align-justify\">Ainsi, aujourd&rsquo;hui et apr\u00e8s les heures et les kilom\u00e8tres parcourus, si je devais recommander un itin\u00e9raire de cyclisme sur route au d\u00e9part de D\u00e9nia, ce serait le Coll de Rates et le retour par Castell de Castells.<\/p>\n<p><img decoding=\"async\" class=\"aligncenter size-full wp-image-4272\" src=\"https:\/\/aventurapatanegra.com\/wp-content\/uploads\/2024\/11\/IMG_0947-1920w.webp\" alt=\"\" width=\"1920\" height=\"1434\" title=\"\" srcset=\"https:\/\/aventurapatanegra.com\/wp-content\/uploads\/2024\/11\/IMG_0947-1920w.webp 1920w, https:\/\/aventurapatanegra.com\/wp-content\/uploads\/2024\/11\/IMG_0947-1920w-600x448.webp 600w, https:\/\/aventurapatanegra.com\/wp-content\/uploads\/2024\/11\/IMG_0947-1920w-300x224.webp 300w, https:\/\/aventurapatanegra.com\/wp-content\/uploads\/2024\/11\/IMG_0947-1920w-1024x765.webp 1024w, https:\/\/aventurapatanegra.com\/wp-content\/uploads\/2024\/11\/IMG_0947-1920w-768x574.webp 768w, https:\/\/aventurapatanegra.com\/wp-content\/uploads\/2024\/11\/IMG_0947-1920w-1536x1147.webp 1536w\" sizes=\"(max-width: 1920px) 100vw, 1920px\" \/><\/p>\n<p>Nous supposons que vous \u00eates un cycliste sur route r\u00e9gulier et que vous \u00eates en bonne forme physique, car il s&rsquo;agit d&rsquo;un itin\u00e9raire exigeant d&rsquo;environ 85 km et 1 300 m de d\u00e9nivel\u00e9 positif. Si vous avez fait du v\u00e9lo pendant deux jours, je peux vous assurer que cet itin\u00e9raire sera difficile pour vous. En fonction de votre vitesse moyenne, il vous faudra entre trois et quatre heures de \u00ab\u00a0cyclisme effectif\u00a0\u00bb (temps r\u00e9el sur le v\u00e9lo).  <\/p>\n<p><img decoding=\"async\" class=\"aligncenter size-full wp-image-4278\" src=\"https:\/\/aventurapatanegra.com\/wp-content\/uploads\/2024\/11\/IMG_1877-1920w.webp\" alt=\"\" width=\"1920\" height=\"1440\" title=\"\" srcset=\"https:\/\/aventurapatanegra.com\/wp-content\/uploads\/2024\/11\/IMG_1877-1920w.webp 1920w, https:\/\/aventurapatanegra.com\/wp-content\/uploads\/2024\/11\/IMG_1877-1920w-600x450.webp 600w, https:\/\/aventurapatanegra.com\/wp-content\/uploads\/2024\/11\/IMG_1877-1920w-300x225.webp 300w, https:\/\/aventurapatanegra.com\/wp-content\/uploads\/2024\/11\/IMG_1877-1920w-1024x768.webp 1024w, https:\/\/aventurapatanegra.com\/wp-content\/uploads\/2024\/11\/IMG_1877-1920w-768x576.webp 768w, https:\/\/aventurapatanegra.com\/wp-content\/uploads\/2024\/11\/IMG_1877-1920w-1536x1152.webp 1536w\" sizes=\"(max-width: 1920px) 100vw, 1920px\" \/><\/p>\n<p><span class=\"\">Le col de <\/span>Coll de Rates<span class=\"\">  peut \u00eatre consid\u00e9r\u00e9 comme la \u00ab\u00a0Mecque\u00a0\u00bb du cyclisme dans notre r\u00e9gion. Tous les amateurs de cyclisme qui vivent ici et ceux qui viennent en visite ne peuvent repartir sans l&rsquo;avoir escalad\u00e9e. Et si vous venez en hiver, il est fort probable que vous rencontriez (ou plut\u00f4t que vous soyez \u00ab\u00a0d\u00e9barrass\u00e9 des b\u00e2tons\u00a0\u00bb en grimpant) l&rsquo;une des nombreuses \u00e9quipes professionnelles qui viennent pr\u00e9parer leur saison dans notre r\u00e9gion.  <\/span><\/p>\n<p><img decoding=\"async\" class=\"aligncenter size-full wp-image-4299\" src=\"https:\/\/aventurapatanegra.com\/wp-content\/uploads\/2024\/11\/IMG_5991-1920w.webp\" alt=\"\" width=\"1920\" height=\"1440\" title=\"\" srcset=\"https:\/\/aventurapatanegra.com\/wp-content\/uploads\/2024\/11\/IMG_5991-1920w.webp 1920w, https:\/\/aventurapatanegra.com\/wp-content\/uploads\/2024\/11\/IMG_5991-1920w-600x450.webp 600w, https:\/\/aventurapatanegra.com\/wp-content\/uploads\/2024\/11\/IMG_5991-1920w-300x225.webp 300w, https:\/\/aventurapatanegra.com\/wp-content\/uploads\/2024\/11\/IMG_5991-1920w-1024x768.webp 1024w, https:\/\/aventurapatanegra.com\/wp-content\/uploads\/2024\/11\/IMG_5991-1920w-768x576.webp 768w, https:\/\/aventurapatanegra.com\/wp-content\/uploads\/2024\/11\/IMG_5991-1920w-1536x1152.webp 1536w\" sizes=\"(max-width: 1920px) 100vw, 1920px\" \/><\/p>\n<p class=\"text-align-justify\"><span class=\"\">Le d\u00e9part de ce col se trouve dans le village de Parcent. Pour y acc\u00e9der, nous nous rendons \u00e0   <\/span>La Xara<span class=\"\">, o\u00f9 nous prenons la route CV-724 jusqu&rsquo;\u00e0 <\/span>Pedreguer<span class=\"\"> et ensuite la CV-720.<\/span><\/p>\n<p class=\"text-align-justify\"><span class=\"\">\u00c0 Pedreguer commence une mont\u00e9e assez raide d&rsquo;environ 6,5 km qui passe par le village de <\/span>Llosa de Camacho. Ce tron\u00e7on a une pente moyenne de 3 % avec quelques parties un peu plus raides \u00e0 mesure que l&rsquo;on s&rsquo;approche de la zone de Llosa de Camacho jusqu&rsquo;\u00e0 la fin. <\/p>\n<p class=\"text-align-justify\"><span class=\"\">De l\u00e0, vous pouvez descendre \u00e0 pied jusqu&rsquo;au village d&rsquo;<\/span>Alcalal\u00ed.<span class=\"\">. \u00c0 mi-chemin, vous trouverez une fontaine sur la gauche si vous souhaitez faire le plein d&rsquo;eau. Depuis Alcalal\u00ed, il y a un peu moins de 3 km de mont\u00e9es et de descentes jusqu&rsquo;\u00e0 ce que vous arriviez \u00e0    <\/span>Parcent<span class=\"\">  (plus de mont\u00e9e que de descente) et \u00e0 Parcent, vous en avez fini avec toutes ces absurdit\u00e9s. D\u00e8s que vous atteignez le village et tournez \u00e0 gauche (sur la route CV-715), vous vous trouvez face au d\u00e9but de ce c\u00e9l\u00e8bre col d&rsquo;un peu plus de 6 km. C&rsquo;est un col assez r\u00e9gulier avec une pente moyenne d&rsquo;environ 6 % o\u00f9 vous ne trouverez pas de repos et il y a quelques tron\u00e7ons plus exigeants avec des pentes allant jusqu&rsquo;\u00e0 10 %. Les vues sont impressionnantes et vous pouvez m\u00eame apercevoir la mer au loin, dans la baie de J\u00e1vea, ainsi que les montagnes de l&rsquo;Algarve.     <\/span>Montg\u00f3<span class=\"\"> et <\/span>Cap de Sant Antoni<span class=\"\">, qui constituent une fronti\u00e8re naturelle entre les villes de <\/span>J\u00e1vea<span class=\"\"> et de <\/span>D\u00e9nia.<\/p>\n<p><img decoding=\"async\" class=\"aligncenter size-full wp-image-4275\" src=\"https:\/\/aventurapatanegra.com\/wp-content\/uploads\/2024\/11\/IMG_0963-1920w.webp\" alt=\"\" width=\"1920\" height=\"1434\" title=\"\" srcset=\"https:\/\/aventurapatanegra.com\/wp-content\/uploads\/2024\/11\/IMG_0963-1920w.webp 1920w, https:\/\/aventurapatanegra.com\/wp-content\/uploads\/2024\/11\/IMG_0963-1920w-600x448.webp 600w, https:\/\/aventurapatanegra.com\/wp-content\/uploads\/2024\/11\/IMG_0963-1920w-300x224.webp 300w, https:\/\/aventurapatanegra.com\/wp-content\/uploads\/2024\/11\/IMG_0963-1920w-1024x765.webp 1024w, https:\/\/aventurapatanegra.com\/wp-content\/uploads\/2024\/11\/IMG_0963-1920w-768x574.webp 768w, https:\/\/aventurapatanegra.com\/wp-content\/uploads\/2024\/11\/IMG_0963-1920w-1536x1147.webp 1536w\" sizes=\"(max-width: 1920px) 100vw, 1920px\" \/><\/p>\n<p><span class=\"\">Une fois le col franchi, il y a une longue s\u00e9rie de descentes et de mont\u00e9es jusqu&rsquo;\u00e0 <\/span>T\u00e1rbena.<span class=\"\">  (nous continuons sur la CV-715). Les vues de l&rsquo;autre c\u00f4t\u00e9 de la montagne sont \u00e9galement impressionnantes, avec des vues sur l&rsquo;int\u00e9rieur de la vall\u00e9e, les   <\/span><span class=\"\"> Une fois \u00e0 T\u00e1rbena, vous pourrez apercevoir la mer et les gratte-ciel <\/span>de Benidorm.<\/p>\n<p><img decoding=\"async\" class=\"aligncenter size-full wp-image-4302\" src=\"https:\/\/aventurapatanegra.com\/wp-content\/uploads\/2024\/11\/IMG_6111-1920w.webp\" alt=\"\" width=\"1920\" height=\"1440\" title=\"\" srcset=\"https:\/\/aventurapatanegra.com\/wp-content\/uploads\/2024\/11\/IMG_6111-1920w.webp 1920w, https:\/\/aventurapatanegra.com\/wp-content\/uploads\/2024\/11\/IMG_6111-1920w-600x450.webp 600w, https:\/\/aventurapatanegra.com\/wp-content\/uploads\/2024\/11\/IMG_6111-1920w-300x225.webp 300w, https:\/\/aventurapatanegra.com\/wp-content\/uploads\/2024\/11\/IMG_6111-1920w-1024x768.webp 1024w, https:\/\/aventurapatanegra.com\/wp-content\/uploads\/2024\/11\/IMG_6111-1920w-768x576.webp 768w, https:\/\/aventurapatanegra.com\/wp-content\/uploads\/2024\/11\/IMG_6111-1920w-1536x1152.webp 1536w\" sizes=\"(max-width: 1920px) 100vw, 1920px\" \/><\/p>\n<p><span class=\"\">Aujourd&rsquo;hui, je ne peux pas concevoir un voyage \u00e0 v\u00e9lo sans un arr\u00eat pour le d\u00e9jeuner. Sur cet itin\u00e9raire, je m&rsquo;arr\u00eate toujours \u00e0 T\u00e1rbena dans un petit bar un peu cach\u00e9, juste en face de l&#8217;embranchement vers Castell de Castells. Le bar s&rsquo;appelle    <\/span>Ca&rsquo;s Pelut<span class=\"\">  et c&rsquo;est l&rsquo;un de ces endroits dans ces petits villages o\u00f9 vous pouvez prendre un d\u00e9jeuner typique, un caf\u00e9 et un toast \u00e0 la tomate ou m\u00eame commander une paella (ils la font vraiment bien) et tout cela pour un prix tr\u00e8s raisonnable. La vue depuis la terrasse est incroyable. Faites attention les mardis, car ils sont ferm\u00e9s pour une pause.  <\/span><\/p>\n<p><img decoding=\"async\" class=\"aligncenter size-full wp-image-4293\" src=\"https:\/\/aventurapatanegra.com\/wp-content\/uploads\/2024\/11\/IMG_5318-1920w.webp\" alt=\"\" width=\"1280\" height=\"960\" title=\"\" srcset=\"https:\/\/aventurapatanegra.com\/wp-content\/uploads\/2024\/11\/IMG_5318-1920w.webp 1280w, https:\/\/aventurapatanegra.com\/wp-content\/uploads\/2024\/11\/IMG_5318-1920w-600x450.webp 600w, https:\/\/aventurapatanegra.com\/wp-content\/uploads\/2024\/11\/IMG_5318-1920w-300x225.webp 300w, https:\/\/aventurapatanegra.com\/wp-content\/uploads\/2024\/11\/IMG_5318-1920w-1024x768.webp 1024w, https:\/\/aventurapatanegra.com\/wp-content\/uploads\/2024\/11\/IMG_5318-1920w-768x576.webp 768w\" sizes=\"(max-width: 1280px) 100vw, 1280px\" \/><\/p>\n<p><span class=\"\">Une fois que nous avons repris des forces, il nous reste une \u00e9tape difficile jusqu&rsquo;au point le plus \u00e9lev\u00e9 de l&rsquo;itin\u00e9raire (780 m). C&rsquo;est le   <\/span>port de Sa Creuta<span class=\"\">  plus connu par les locaux sous le nom de \u00ab\u00a0el Somo\u00a0\u00bb. Pour y acc\u00e9der depuis T\u00e1rbena, prenez la CV-752 en direction de Castell de Castells. Le trajet est d&rsquo;environ 6 km, assez \u00e9prouvant pour les jambes, avec des rampes finales allant jusqu&rsquo;\u00e0 17 %. Mais une fois arriv\u00e9, c&rsquo;est du g\u00e2teau. La descente est assez \u00ab\u00a0ratonera\u00a0\u00bb jusqu&rsquo;\u00e0 Castell de Castells (soyez prudent car il y a quelques virages assez dangereux). De l\u00e0, nous revenons \u00e0 la CV-720 que nous prenons en direction de       <\/span>Benigembla.<\/p>\n<p><img decoding=\"async\" class=\"aligncenter size-full wp-image-4305\" src=\"https:\/\/aventurapatanegra.com\/wp-content\/uploads\/2024\/11\/IMG_6117-1920w.webp\" alt=\"\" width=\"1920\" height=\"1440\" title=\"\" srcset=\"https:\/\/aventurapatanegra.com\/wp-content\/uploads\/2024\/11\/IMG_6117-1920w.webp 1920w, https:\/\/aventurapatanegra.com\/wp-content\/uploads\/2024\/11\/IMG_6117-1920w-600x450.webp 600w, https:\/\/aventurapatanegra.com\/wp-content\/uploads\/2024\/11\/IMG_6117-1920w-300x225.webp 300w, https:\/\/aventurapatanegra.com\/wp-content\/uploads\/2024\/11\/IMG_6117-1920w-1024x768.webp 1024w, https:\/\/aventurapatanegra.com\/wp-content\/uploads\/2024\/11\/IMG_6117-1920w-768x576.webp 768w, https:\/\/aventurapatanegra.com\/wp-content\/uploads\/2024\/11\/IMG_6117-1920w-1536x1152.webp 1536w\" sizes=\"(max-width: 1920px) 100vw, 1920px\" \/><\/p>\n<p>Ce tron\u00e7on est une \u00ab\u00a0autoroute pour cyclistes\u00a0\u00bb. Il s&rsquo;agit de 10 km sur une route tr\u00e8s large, avec beaucoup de bandes d&rsquo;arr\u00eat d&rsquo;urgence et tr\u00e8s bien entretenue. Il n&rsquo;y a pas de virages dangereux ni de fortes pentes (entre 5 et 2 %). Si vous voulez voler, vous devrez donc p\u00e9daler. Mais vous verrez qu&rsquo;en descendant, vous vous demanderez comment ils ont pu \u00ab\u00a0planter\u00a0\u00bb cette belle route l\u00e0, au milieu de la montagne.    <\/p>\n<p><img decoding=\"async\" class=\"aligncenter size-full wp-image-4296\" src=\"https:\/\/aventurapatanegra.com\/wp-content\/uploads\/2024\/11\/IMG_5985-1920w.webp\" alt=\"\" width=\"1920\" height=\"1440\" title=\"\" srcset=\"https:\/\/aventurapatanegra.com\/wp-content\/uploads\/2024\/11\/IMG_5985-1920w.webp 1920w, https:\/\/aventurapatanegra.com\/wp-content\/uploads\/2024\/11\/IMG_5985-1920w-600x450.webp 600w, https:\/\/aventurapatanegra.com\/wp-content\/uploads\/2024\/11\/IMG_5985-1920w-300x225.webp 300w, https:\/\/aventurapatanegra.com\/wp-content\/uploads\/2024\/11\/IMG_5985-1920w-1024x768.webp 1024w, https:\/\/aventurapatanegra.com\/wp-content\/uploads\/2024\/11\/IMG_5985-1920w-768x576.webp 768w, https:\/\/aventurapatanegra.com\/wp-content\/uploads\/2024\/11\/IMG_5985-1920w-1536x1152.webp 1536w\" sizes=\"(max-width: 1920px) 100vw, 1920px\" \/><\/p>\n<p><span class=\"\">Apr\u00e8s Benigembla, il y a un \u00ab\u00a0repechito\u00a0\u00bb jusqu&rsquo;\u00e0 <\/span>Murla.<span class=\"\">  (CV-719). Nous descendons \u00e0   <\/span><span class=\"\">Orba <\/span><span class=\"\">par la CV-715 et ensuite par la CV-731, nous reviendrons sur le plat ou en l\u00e9g\u00e8re descente, en passant par les villes de <\/span>Benidoleig<span class=\"\">, <\/span>Beniarbeig<span class=\"\"> et <\/span>Ondara<span class=\"\"> avant d&rsquo;arriver \u00e0 <\/span>D\u00e9nia.<\/p>\n<p><img decoding=\"async\" class=\"aligncenter size-full wp-image-4284\" src=\"https:\/\/aventurapatanegra.com\/wp-content\/uploads\/2024\/11\/IMG_1910-1920w.webp\" alt=\"\" width=\"1920\" height=\"1440\" title=\"\" srcset=\"https:\/\/aventurapatanegra.com\/wp-content\/uploads\/2024\/11\/IMG_1910-1920w.webp 1920w, https:\/\/aventurapatanegra.com\/wp-content\/uploads\/2024\/11\/IMG_1910-1920w-600x450.webp 600w, https:\/\/aventurapatanegra.com\/wp-content\/uploads\/2024\/11\/IMG_1910-1920w-300x225.webp 300w, https:\/\/aventurapatanegra.com\/wp-content\/uploads\/2024\/11\/IMG_1910-1920w-1024x768.webp 1024w, https:\/\/aventurapatanegra.com\/wp-content\/uploads\/2024\/11\/IMG_1910-1920w-768x576.webp 768w, https:\/\/aventurapatanegra.com\/wp-content\/uploads\/2024\/11\/IMG_1910-1920w-1536x1152.webp 1536w\" sizes=\"(max-width: 1920px) 100vw, 1920px\" \/><\/p>\n<p>Par curiosit\u00e9, j&rsquo;aimerais vous dire qu&rsquo;il y a quelques ann\u00e9es, avant l&rsquo;existence de Strava et des autres applications similaires, un syst\u00e8me \u00e9tait install\u00e9 pour chronom\u00e9trer l&rsquo;ascension. Il y avait une cabane en bas \u00e0 Parcent et une autre en haut du col. Vous deviez prendre une carte dans la cabane du bas et remplir vos coordonn\u00e9es \u00e0 la main. Une fois pr\u00eat, vous cochiez pour conna\u00eetre l&rsquo;heure exacte du d\u00e9but de l&rsquo;ascension et, une fois arriv\u00e9 au sommet, vous cochiez \u00e0 nouveau \u00e0 l&rsquo;autre cabane et mettiez la carte dans une bo\u00eete. Ces cartes \u00e9taient collect\u00e9es chaque semaine et saisies manuellement sur un site web o\u00f9 apparaissaient les donn\u00e9es et les classements. Incroyable de nos jours, n&rsquo;est-ce pas ?     <\/p>\n<p><img decoding=\"async\" class=\"aligncenter size-full wp-image-4317\" src=\"https:\/\/aventurapatanegra.com\/wp-content\/uploads\/2024\/11\/IMG_0043-1920w.webp\" alt=\"\" width=\"1920\" height=\"1440\" title=\"\" srcset=\"https:\/\/aventurapatanegra.com\/wp-content\/uploads\/2024\/11\/IMG_0043-1920w.webp 1920w, https:\/\/aventurapatanegra.com\/wp-content\/uploads\/2024\/11\/IMG_0043-1920w-600x450.webp 600w, https:\/\/aventurapatanegra.com\/wp-content\/uploads\/2024\/11\/IMG_0043-1920w-300x225.webp 300w, https:\/\/aventurapatanegra.com\/wp-content\/uploads\/2024\/11\/IMG_0043-1920w-1024x768.webp 1024w, https:\/\/aventurapatanegra.com\/wp-content\/uploads\/2024\/11\/IMG_0043-1920w-768x576.webp 768w, https:\/\/aventurapatanegra.com\/wp-content\/uploads\/2024\/11\/IMG_0043-1920w-1536x1152.webp 1536w\" sizes=\"(max-width: 1920px) 100vw, 1920px\" \/><\/p>\n<p>Nous vous laissons un lien vers le wikilok de D\u00e9nia Tourisme avec le trac\u00e9 de l&rsquo;itin\u00e9raire au cas o\u00f9 vous voudriez le t\u00e9l\u00e9charger :<\/p>\n<p><a href=\"https:\/\/es.wikiloc.com\/rutas-ciclismo\/ruta-8-coll-de-rates-48100152\" target=\"_blank\" rel=\"noopener\">https:\/\/es.wikiloc.com\/rutas-ciclismo\/ruta-8-coll-de-rates-48100152<\/a><\/p>\n<p><span class=\"\">Dans le m\u00eame utilisateur, vous trouverez 15 autres itin\u00e9raires circulaires au d\u00e9part de D\u00e9nia. Il s&rsquo;agit d&rsquo;itin\u00e9raires que nous avons planifi\u00e9s en leur temps \u00e0 la demande de l&rsquo;utilisateur de D\u00e9nia.   <\/span>Office du tourisme de D\u00e9nia.<\/p>\n<p><img decoding=\"async\" class=\"aligncenter size-full wp-image-4281\" src=\"https:\/\/aventurapatanegra.com\/wp-content\/uploads\/2024\/11\/IMG_1909-1920w.webp\" alt=\"\" width=\"1920\" height=\"1440\" title=\"\" srcset=\"https:\/\/aventurapatanegra.com\/wp-content\/uploads\/2024\/11\/IMG_1909-1920w.webp 1920w, https:\/\/aventurapatanegra.com\/wp-content\/uploads\/2024\/11\/IMG_1909-1920w-600x450.webp 600w, https:\/\/aventurapatanegra.com\/wp-content\/uploads\/2024\/11\/IMG_1909-1920w-300x225.webp 300w, https:\/\/aventurapatanegra.com\/wp-content\/uploads\/2024\/11\/IMG_1909-1920w-1024x768.webp 1024w, https:\/\/aventurapatanegra.com\/wp-content\/uploads\/2024\/11\/IMG_1909-1920w-768x576.webp 768w, https:\/\/aventurapatanegra.com\/wp-content\/uploads\/2024\/11\/IMG_1909-1920w-1536x1152.webp 1536w\" sizes=\"(max-width: 1920px) 100vw, 1920px\" \/><\/p>\n<p>Enfin, si vous n&rsquo;avez pas apport\u00e9 votre propre v\u00e9lo et que vous souhaitez en louer un dans la r\u00e9gion, nous vous recommandons quelques endroits fiables o\u00f9 vous pourrez trouver des v\u00e9los de location de bonne qualit\u00e9 qui fonctionnent toute l&rsquo;ann\u00e9e :<\/p>\n<p><span class=\"\">CAF\u00c9 CICLISTA : <\/span><a href=\"https:\/\/www.cafeciclista.com\/\" target=\"_blank\" rel=\"noopener\">V\u00e9los, guides de cyclisme et caf\u00e9 &#8211; Cafe Ciclista Denia<\/a><\/p>\n<p><span class=\"\">H\u00d4TEL LOS CABALLOS : <\/span><a href=\"http:\/\/www.costablancaradsport.com\/hotel-los-caballos.html\" target=\"_blank\" rel=\"noopener\">Radsporthotel Auswahl (costablancaradsport.com)<\/a><\/p>\n<p><span class=\"\">KUNZ : <\/span><a href=\"https:\/\/radreisenkunz.ch\/en\/rental-bikes\/\" target=\"_blank\" rel=\"noopener\">Location de v\u00e9los | CYCLISMO DENIA KUNZ (radreisenkunz.ch)<\/a><\/p>\n<p><img decoding=\"async\" class=\"aligncenter size-full wp-image-4287\" src=\"https:\/\/aventurapatanegra.com\/wp-content\/uploads\/2024\/11\/IMG_1944-1920w.webp\" alt=\"\" width=\"1920\" height=\"1920\" title=\"\" srcset=\"https:\/\/aventurapatanegra.com\/wp-content\/uploads\/2024\/11\/IMG_1944-1920w.webp 1920w, https:\/\/aventurapatanegra.com\/wp-content\/uploads\/2024\/11\/IMG_1944-1920w-300x300.webp 300w, https:\/\/aventurapatanegra.com\/wp-content\/uploads\/2024\/11\/IMG_1944-1920w-100x100.webp 100w, https:\/\/aventurapatanegra.com\/wp-content\/uploads\/2024\/11\/IMG_1944-1920w-600x600.webp 600w, https:\/\/aventurapatanegra.com\/wp-content\/uploads\/2024\/11\/IMG_1944-1920w-1024x1024.webp 1024w, https:\/\/aventurapatanegra.com\/wp-content\/uploads\/2024\/11\/IMG_1944-1920w-150x150.webp 150w, https:\/\/aventurapatanegra.com\/wp-content\/uploads\/2024\/11\/IMG_1944-1920w-768x768.webp 768w, https:\/\/aventurapatanegra.com\/wp-content\/uploads\/2024\/11\/IMG_1944-1920w-1536x1536.webp 1536w\" sizes=\"(max-width: 1920px) 100vw, 1920px\" \/><\/p>\n","protected":false},"excerpt":{"rendered":"<p>Bien que nos activit\u00e9s \u00e0 AVENTURA PATA NEGRA ne proposent pas d&rsquo;itin\u00e9raires de cyclisme sur route, il s&rsquo;agit toujours d&rsquo;une de mes passions. Cela a toujours \u00e9t\u00e9 et est encore une de mes passions. J&rsquo;ai \u00e9galement travaill\u00e9 pendant plusieurs ann\u00e9es comme guide de cette modalit\u00e9 pour l&rsquo;h\u00f4tel Los Caballos, o\u00f9 j&rsquo;ai rencontr\u00e9 de nombreux amateurs [&hellip;]<\/p>\n","protected":false},"author":1,"featured_media":4479,"comment_status":"closed","ping_status":"closed","sticky":false,"template":"","format":"standard","meta":{"_joinchat":[],"footnotes":""},"categories":[18],"tags":[],"class_list":["post-5049","post","type-post","status-publish","format-standard","has-post-thumbnail","hentry","category-non-classifiee"],"_links":{"self":[{"href":"https:\/\/aventurapatanegra.com\/fr\/wp-json\/wp\/v2\/posts\/5049","targetHints":{"allow":["GET"]}}],"collection":[{"href":"https:\/\/aventurapatanegra.com\/fr\/wp-json\/wp\/v2\/posts"}],"about":[{"href":"https:\/\/aventurapatanegra.com\/fr\/wp-json\/wp\/v2\/types\/post"}],"author":[{"embeddable":true,"href":"https:\/\/aventurapatanegra.com\/fr\/wp-json\/wp\/v2\/users\/1"}],"replies":[{"embeddable":true,"href":"https:\/\/aventurapatanegra.com\/fr\/wp-json\/wp\/v2\/comments?post=5049"}],"version-history":[{"count":0,"href":"https:\/\/aventurapatanegra.com\/fr\/wp-json\/wp\/v2\/posts\/5049\/revisions"}],"wp:featuredmedia":[{"embeddable":true,"href":"https:\/\/aventurapatanegra.com\/fr\/wp-json\/wp\/v2\/media\/4479"}],"wp:attachment":[{"href":"https:\/\/aventurapatanegra.com\/fr\/wp-json\/wp\/v2\/media?parent=5049"}],"wp:term":[{"taxonomy":"category","embeddable":true,"href":"https:\/\/aventurapatanegra.com\/fr\/wp-json\/wp\/v2\/categories?post=5049"},{"taxonomy":"post_tag","embeddable":true,"href":"https:\/\/aventurapatanegra.com\/fr\/wp-json\/wp\/v2\/tags?post=5049"}],"curies":[{"name":"wp","href":"https:\/\/api.w.org\/{rel}","templated":true}]}}